{"id":522,"date":"2020-07-21T12:18:08","date_gmt":"2020-07-21T12:18:08","guid":{"rendered":"http:\/\/161.35.235.253\/?p=522"},"modified":"2021-05-11T14:11:24","modified_gmt":"2021-05-11T17:11:24","slug":"editais-2015","status":"publish","type":"post","link":"https:\/\/www.bertprev.sp.gov.br\/index.php\/2020\/07\/21\/editais-2015\/","title":{"rendered":"Editais 2015"},"content":{"rendered":"<p><a href=\"http:\/\/bertprev.sp.gov.br\/arquivos\/editais\/2015\/38-15-extrato-contrato-cef-custodia.pdf\">38 &#8211; Extrato de contrato &#8211; Cust\u00f3dia Caixa Econ\u00f4mica Federal\u00a0<\/a><\/p>\n<p><a href=\"http:\/\/bertprev.sp.gov.br\/arquivos\/editais\/2015\/37-15-extrato-prorrogacao-contratual-griffon.pdf\">37 &#8211; Extrato de prorroga\u00e7\u00e3o contratual &#8211; Griffon<\/a><\/p>\n<p><a href=\"http:\/\/bertprev.sp.gov.br\/arquivos\/editais\/2015\/36-15-homologacao-concorrencia-01-15.pdf\">36 &#8211; Homologa\u00e7\u00e3o concorr\u00eancia 01\/15\u00a0<\/a><\/p>\n<p><a href=\"http:\/\/bertprev.sp.gov.br\/arquivos\/editais\/2015\/35-15-extrato-contrato-locacao-sede.pdf\">35 &#8211; Extrato de contrato &#8211; Loca\u00e7\u00e3o da sede do instituto<\/a><\/p>\n<p><a href=\"http:\/\/bertprev.sp.gov.br\/arquivos\/editais\/2015\/34-15-prorrogacao-custodia.pdf\">34 &#8211; Prorroga\u00e7\u00e3o contratual banco Ita\u00fa Unibanco<\/a><\/p>\n<p><a href=\"http:\/\/bertprev.sp.gov.br\/arquivos\/editais\/2015\/33-15-convocacao-andre-rodrigues.pdf\">33 &#8211;\u00a0Convoca\u00e7\u00e3o concurso p\u00fablico &#8211;\u00a0Andr\u00e9 G. Rodrigues<\/a><\/p>\n<p><a href=\"http:\/\/bertprev.sp.gov.br\/arquivos\/editais\/2015\/32-15-convocacao-de-servidor-Rodrigo-Padilha.pdf\">32 &#8211;\u00a0Convoca\u00e7\u00e3o concurso p\u00fablico &#8211;\u00a0Rodrigo F. S. Padilha<\/a><\/p>\n<p><a href=\"http:\/\/bertprev.sp.gov.br\/arquivos\/editais\/2015\/31-15-extrato-prorrogacao-hans-staden.pdf\">31 &#8211; Extrato de prorroga\u00e7\u00e3o contratual cl\u00ednica Hans Staden<\/a><\/p>\n<p><a href=\"http:\/\/bertprev.sp.gov.br\/arquivos\/editais\/2015\/30-15-hospedagem-site.pdf\">30 &#8211; Extrato de prorroga\u00e7\u00e3o contratual &#8211; hospedagem site<\/a><\/p>\n<p><a href=\"http:\/\/bertprev.sp.gov.br\/arquivos\/editais\/2015\/29-15-contrato-correios.pdf\">29 &#8211; Extrato de contrato &#8211; Correios<\/a><\/p>\n<p><a href=\"http:\/\/bertprev.sp.gov.br\/arquivos\/editais\/2015\/28-15-convocacao-servidor-Wellington.pdf\">28 &#8211; Convoca\u00e7\u00e3o concurso p\u00fablico &#8211;\u00a0Wellington L. Santos<\/a><\/p>\n<p><a href=\"http:\/\/bertprev.sp.gov.br\/arquivos\/editais\/2015\/27-15-extrato-prorrogacao-Credito.pdf\">27 &#8211; Extrato de prorroga\u00e7\u00e3o contratual &#8211; Cr\u00e9dito e Mercado<\/a><\/p>\n<p><a href=\"http:\/\/bertprev.sp.gov.br\/arquivos\/editais\/2015\/26-15-extrato-contrato-Gap.pdf\">26 &#8211; Extrato de contrato &#8211; GAP<\/a><\/p>\n<p><a href=\"http:\/\/bertprev.sp.gov.br\/arquivos\/editais\/2015\/25-15-convoca-segurados.pdf\">25 &#8211;\u00a0Convoca\u00e7\u00e3o de segurados<\/a><\/p>\n<p><a href=\"http:\/\/bertprev.sp.gov.br\/arquivos\/editais\/2015\/24-15-convoca-segurados.pdf\">24 &#8211;\u00a0Convoca\u00e7\u00e3o de segurados<\/a><\/p>\n<p><a href=\"http:\/\/bertprev.sp.gov.br\/arquivos\/editais\/2015\/23-15-convoca-segurados.pdf\">23 &#8211;\u00a0Convoca\u00e7\u00e3o de segurados<\/a><\/p>\n<p><a href=\"http:\/\/bertprev.sp.gov.br\/arquivos\/editais\/2015\/22-15-convocacao-segurados.pdf\">22 &#8211; Convoca\u00e7\u00e3o de segurados<\/a><\/p>\n<p><a href=\"http:\/\/bertprev.sp.gov.br\/arquivos\/editais\/2015\/21-15-indeferimento-salario-mater-edneia-oliveira.pdf\">21 &#8211; Indeferimento do s\u00e1lario-maternidade Edn\u00e9ia J. de Oliveira<\/a><\/p>\n<p><a href=\"http:\/\/bertprev.sp.gov.br\/arquivos\/editais\/2015\/19-15-convocacao-segurados.pdf\">19 &#8211; Convoca\u00e7\u00e3o\u00a0de segurados<\/a><\/p>\n<p><a href=\"http:\/\/bertprev.sp.gov.br\/arquivos\/editais\/2015\/18-15-renovacao-atuario.pdf\">18 &#8211; Renova\u00e7\u00e3o Atu\u00e1rio<\/a><\/p>\n<p><a href=\"http:\/\/bertprev.sp.gov.br\/arquivos\/editais\/2015\/17-15-intima-edneia-jorge.pdf\">17 &#8211; Intima Edneia J. de Oliveira<\/a><\/p>\n<p><a href=\"http:\/\/bertprev.sp.gov.br\/arquivos\/editais\/2015\/16-15-homologacao-pregao.pdf\">16 &#8211; Homologa\u00e7\u00e3o preg\u00e3o presencial 01\/15 &#8211; Software Cont\u00e1bil\u00a0<\/a><\/p>\n<p><a href=\"http:\/\/bertprev.sp.gov.br\/arquivos\/editais\/2015\/15-15-prorrogacao-GAP.pdf\">15 &#8211; Prorroga\u00e7\u00e3o contratual GAP Consultoria Cont\u00e1bil<\/a><\/p>\n<p><a href=\"http:\/\/bertprev.sp.gov.br\/arquivos\/editais\/2015\/14-15-intima-adson-santos.pdf\">14 &#8211; Intima Adson V. A. dos Santos<\/a><\/p>\n<p><a href=\"http:\/\/bertprev.sp.gov.br\/arquivos\/editais\/2015\/13-15-intima-roseli-aux-doenca.pdf\">13 &#8211; Intima Roseli C. R. Fernandes<\/a><\/p>\n<p><a href=\"http:\/\/bertprev.sp.gov.br\/arquivos\/editais\/2015\/12-15-intima-desirre-aux-doenca.pdf\">12 &#8211; Intima Desiree dos R. Sergente<\/a><\/p>\n<p><a href=\"http:\/\/bertprev.sp.gov.br\/arquivos\/editais\/2015\/11-15-relacao-inscritos-eleicao-conselhos-ERRATA.pdf\">11 &#8211; Rela\u00e7\u00e3o dos servidores aptos a concorrerem \u00e0s elei\u00e7\u00f5es do BERTPREV &#8211; ERRATA<\/a><\/p>\n<p><a href=\"http:\/\/bertprev.sp.gov.br\/arquivos\/editais\/2015\/11-15-relacao-inscritos-eleicao-conselhos.pdf\">11 &#8211; Rela\u00e7\u00e3o dos servidores aptos a concorrerem \u00e0s elei\u00e7\u00f5es do BERTPREV<\/a><\/p>\n<p><a href=\"http:\/\/bertprev.sp.gov.br\/arquivos\/editais\/2015\/10-15-extrato-de-contrato-Facesp.pdf\">10 &#8211; Extrato de contrato &#8211; FACESP<\/a><\/p>\n<p><a href=\"http:\/\/bertprev.sp.gov.br\/arquivos\/editais\/2015\/09-15-convocacao-concurso-patricia.pdf\">09 &#8211; Convo\u00e7\u00e3o concurso p\u00fablico &#8211; Patr\u00edcia R. Quaresma<\/a><\/p>\n<p><a href=\"http:\/\/bertprev.sp.gov.br\/arquivos\/editais\/2015\/08-15-extrato-contrato-FourInfo_2_.pdf\">08 &#8211; Extrato de contrato &#8211; Four Info<\/a><\/p>\n<p><a href=\"http:\/\/bertprev.sp.gov.br\/arquivos\/editais\/2015\/07-15-pericia-ortopedista-segurados-aux-doenca.pdf\">07 &#8211; Per\u00edcia ortopedista para segurados em aux\u00edlio doen\u00e7a<\/a><\/p>\n<p><a href=\"http:\/\/bertprev.sp.gov.br\/arquivos\/editais\/2015\/06-15-pericia-oncologia-segurados-aux-doenca.pdf\">06 &#8211; Per\u00edcia oncologia\u00a0para segurados em aux\u00edlio doen\u00e7a<\/a><\/p>\n<p><a href=\"http:\/\/bertprev.sp.gov.br\/arquivos\/editais\/2015\/05-15-pericia-psiquiatra-segurados-aux-doenca.pdf\">05 &#8211; Per\u00edcia psiquiatra\u00a0para segurados em aux\u00edlio doen\u00e7a<\/a><\/p>\n<p><a href=\"http:\/\/bertprev.sp.gov.br\/arquivos\/editais\/2015\/04-15-extrato-CreditoeMercado-Assistente-Tecnico.pdf\">04 &#8211; Extrato de contrato &#8211; consultoria t\u00e9cnica &#8211; Credito e Mercado<\/a><\/p>\n<p><a href=\"http:\/\/bertprev.sp.gov.br\/arquivos\/editais\/2015\/03-15-prorrogacao-combustivel-Posto-Anchieta.pdf\">03 &#8211; Prorroga\u00e7\u00e3o contratual Posto Anchieta<\/a><\/p>\n<p><a href=\"http:\/\/bertprev.sp.gov.br\/arquivos\/editais\/2015\/02-15-homologacao-pregao-03-14-FourInfo.pdf\">02 &#8211; Homologa\u00e7\u00e3o Preg\u00e3o 03\/14 &#8211; Software gest\u00e3o previdenci\u00e1ria<\/a><\/p>\n<p><a href=\"http:\/\/bertprev.sp.gov.br\/arquivos\/editais\/2015\/01-15-cartao-alimentacao.pdf\">01 &#8211; Cart\u00e3o Alimenta\u00e7\u00e3o<\/a><\/p>\n","protected":false},"excerpt":{"rendered":"<p>38 &#8211; Extrato de contrato &#8211; Cust\u00f3dia Caixa Econ\u00f4mica Federal\u00a0 37 &#8211; Extrato de prorroga\u00e7\u00e3o contratual &#8211; Griffon 36 &#8211; Homologa\u00e7\u00e3o concorr\u00eancia 01\/15\u00a0 35 &#8211; Extrato de contrato &#8211; Loca\u00e7\u00e3o&hellip;<\/p>\n","protected":false},"author":1,"featured_media":0,"comment_status":"open","ping_status":"open","sticky":false,"template":"","format":"standard","meta":{"footnotes":""},"categories":[27,94],"tags":[],"class_list":["post-522","post","type-post","status-publish","format-standard","hentry","category-editais","category-licitacoes-e-editais"],"_links":{"self":[{"href":"https:\/\/www.bertprev.sp.gov.br\/index.php\/wp-json\/wp\/v2\/posts\/522","targetHints":{"allow":["GET"]}}],"collection":[{"href":"https:\/\/www.bertprev.sp.gov.br\/index.php\/wp-json\/wp\/v2\/posts"}],"about":[{"href":"https:\/\/www.bertprev.sp.gov.br\/index.php\/wp-json\/wp\/v2\/types\/post"}],"author":[{"embeddable":true,"href":"https:\/\/www.bertprev.sp.gov.br\/index.php\/wp-json\/wp\/v2\/users\/1"}],"replies":[{"embeddable":true,"href":"https:\/\/www.bertprev.sp.gov.br\/index.php\/wp-json\/wp\/v2\/comments?post=522"}],"version-history":[{"count":1,"href":"https:\/\/www.bertprev.sp.gov.br\/index.php\/wp-json\/wp\/v2\/posts\/522\/revisions"}],"predecessor-version":[{"id":523,"href":"https:\/\/www.bertprev.sp.gov.br\/index.php\/wp-json\/wp\/v2\/posts\/522\/revisions\/523"}],"wp:attachment":[{"href":"https:\/\/www.bertprev.sp.gov.br\/index.php\/wp-json\/wp\/v2\/media?parent=522"}],"wp:term":[{"taxonomy":"category","embeddable":true,"href":"https:\/\/www.bertprev.sp.gov.br\/index.php\/wp-json\/wp\/v2\/categories?post=522"},{"taxonomy":"post_tag","embeddable":true,"href":"https:\/\/www.bertprev.sp.gov.br\/index.php\/wp-json\/wp\/v2\/tags?post=522"}],"curies":[{"name":"wp","href":"https:\/\/api.w.org\/{rel}","templated":true}]}}