{"id":7064,"date":"2025-06-09T11:11:19","date_gmt":"2025-06-09T14:11:19","guid":{"rendered":"https:\/\/www.bertprev.sp.gov.br\/?p=7064"},"modified":"2025-06-10T08:23:39","modified_gmt":"2025-06-10T11:23:39","slug":"17o-congresso-estadual-de-previdencia-apeprem","status":"publish","type":"post","link":"https:\/\/www.bertprev.sp.gov.br\/index.php\/2025\/06\/09\/17o-congresso-estadual-de-previdencia-apeprem\/","title":{"rendered":"17\u00ba Congresso Estadual de Previd\u00eancia APEPREM &#8211; outubro de 2021"},"content":{"rendered":"<p>17\u00ba Congresso Estadual de Previd\u00eancia APEPREM &#8211; outubro de 2021 &#8211; S\u00e3o Jos\u00e9 do Rio Preto\/SP<\/p>\n<p><a href=\"https:\/\/www.bertprev.sp.gov.br\/arquivos\/bertprev\/part-eventos\/relatorios\/24-outubro-2021.pdf\">Relat\u00f3rio<\/a><\/p>\n","protected":false},"excerpt":{"rendered":"<p>17\u00ba Congresso Estadual de Previd\u00eancia APEPREM &#8211; outubro de 2021 &#8211; S\u00e3o Jos\u00e9 do Rio Preto\/SP Relat\u00f3rio<\/p>\n","protected":false},"author":2,"featured_media":0,"comment_status":"open","ping_status":"open","sticky":false,"template":"","format":"standard","meta":{"footnotes":""},"categories":[31],"tags":[],"class_list":["post-7064","post","type-post","status-publish","format-standard","hentry","category-participacao-em-eventos-e-capacitacao"],"_links":{"self":[{"href":"https:\/\/www.bertprev.sp.gov.br\/index.php\/wp-json\/wp\/v2\/posts\/7064","targetHints":{"allow":["GET"]}}],"collection":[{"href":"https:\/\/www.bertprev.sp.gov.br\/index.php\/wp-json\/wp\/v2\/posts"}],"about":[{"href":"https:\/\/www.bertprev.sp.gov.br\/index.php\/wp-json\/wp\/v2\/types\/post"}],"author":[{"embeddable":true,"href":"https:\/\/www.bertprev.sp.gov.br\/index.php\/wp-json\/wp\/v2\/users\/2"}],"replies":[{"embeddable":true,"href":"https:\/\/www.bertprev.sp.gov.br\/index.php\/wp-json\/wp\/v2\/comments?post=7064"}],"version-history":[{"count":4,"href":"https:\/\/www.bertprev.sp.gov.br\/index.php\/wp-json\/wp\/v2\/posts\/7064\/revisions"}],"predecessor-version":[{"id":7100,"href":"https:\/\/www.bertprev.sp.gov.br\/index.php\/wp-json\/wp\/v2\/posts\/7064\/revisions\/7100"}],"wp:attachment":[{"href":"https:\/\/www.bertprev.sp.gov.br\/index.php\/wp-json\/wp\/v2\/media?parent=7064"}],"wp:term":[{"taxonomy":"category","embeddable":true,"href":"https:\/\/www.bertprev.sp.gov.br\/index.php\/wp-json\/wp\/v2\/categories?post=7064"},{"taxonomy":"post_tag","embeddable":true,"href":"https:\/\/www.bertprev.sp.gov.br\/index.php\/wp-json\/wp\/v2\/tags?post=7064"}],"curies":[{"name":"wp","href":"https:\/\/api.w.org\/{rel}","templated":true}]}}