{"id":734,"date":"2020-07-21T16:39:03","date_gmt":"2020-07-21T16:39:03","guid":{"rendered":"http:\/\/161.35.235.253\/?p=734"},"modified":"2021-02-09T08:11:55","modified_gmt":"2021-02-09T11:11:55","slug":"auxilio-doenca-e-salario-maternidade-2020","status":"publish","type":"post","link":"https:\/\/www.bertprev.sp.gov.br\/index.php\/2020\/07\/21\/auxilio-doenca-e-salario-maternidade-2020\/","title":{"rendered":"Aux\u00edlio-Doen\u00e7a e Sal\u00e1rio-Maternidade 2020"},"content":{"rendered":"<p><a href=\"http:\/\/bertprev.sp.gov.br\/arquivos\/previdencia\/beneficios\/2020\/53-12.pdf\">53 &#8211; 25 de dezembro<\/a><\/p>\n<p><a href=\"http:\/\/bertprev.sp.gov.br\/arquivos\/previdencia\/beneficios\/2020\/52-12.pdf\">52 &#8211; 25 de dezembro<\/a><\/p>\n<p><a href=\"http:\/\/bertprev.sp.gov.br\/arquivos\/previdencia\/beneficios\/2020\/51-12.pdf\">51 &#8211; 18 de dezembro<\/a><\/p>\n<p><a href=\"http:\/\/bertprev.sp.gov.br\/arquivos\/previdencia\/beneficios\/2020\/50-12.pdf\">50 &#8211; 11 de dezembro<\/a><\/p>\n<p><a href=\"http:\/\/bertprev.sp.gov.br\/arquivos\/previdencia\/beneficios\/2020\/49-12.pdf\">49 &#8211; 04 de dezembro<\/a><\/p>\n<p><a href=\"http:\/\/bertprev.sp.gov.br\/arquivos\/previdencia\/beneficios\/2020\/48-11.pdf\">48 &#8211; 27 de novembro<\/a><\/p>\n<p><a href=\"http:\/\/bertprev.sp.gov.br\/arquivos\/previdencia\/beneficios\/2020\/47-11.pdf\">47 &#8211; 20 de novembro<\/a><\/p>\n<p><a href=\"http:\/\/bertprev.sp.gov.br\/arquivos\/previdencia\/beneficios\/2020\/46-11.pdf\">46 &#8211; 13 de novembro<\/a><\/p>\n<p><a href=\"http:\/\/bertprev.sp.gov.br\/arquivos\/previdencia\/beneficios\/2020\/45-11.pdf\">45 &#8211; 06 de novembro<\/a><\/p>\n<p><a href=\"http:\/\/bertprev.sp.gov.br\/arquivos\/previdencia\/beneficios\/2020\/44-10.pdf\">44 &#8211; 30 de outubro<\/a><\/p>\n<p><a href=\"http:\/\/bertprev.sp.gov.br\/arquivos\/previdencia\/beneficios\/2020\/43-10.pdf\">43 &#8211; 23 de outubro<\/a><\/p>\n<p><a href=\"http:\/\/bertprev.sp.gov.br\/arquivos\/previdencia\/beneficios\/2020\/42-10.pdf\">42 &#8211; 16 de outubro<\/a><\/p>\n<p><a href=\"http:\/\/bertprev.sp.gov.br\/arquivos\/previdencia\/beneficios\/2020\/41-10.pdf\">41 &#8211; 09 de outubro<\/a><\/p>\n<p><a href=\"http:\/\/bertprev.sp.gov.br\/arquivos\/previdencia\/beneficios\/2020\/40-10.pdf\">40 &#8211; 02 de outubro<\/a><\/p>\n<p><a href=\"http:\/\/bertprev.sp.gov.br\/arquivos\/previdencia\/beneficios\/2020\/39-09.pdf\">39 &#8211; 25 de setembro<\/a><\/p>\n<p><a href=\"http:\/\/bertprev.sp.gov.br\/arquivos\/previdencia\/beneficios\/2020\/18-09.pdf\">38 &#8211; 18 de setembro<\/a><\/p>\n<p><a href=\"http:\/\/bertprev.sp.gov.br\/arquivos\/previdencia\/beneficios\/2020\/37-11.pdf\">37 &#8211; 11 de setembro<\/a><\/p>\n<p><a href=\"http:\/\/bertprev.sp.gov.br\/arquivos\/previdencia\/beneficios\/2020\/36-04.pdf\">36 &#8211; 04 de setembro<\/a><\/p>\n<p><a href=\"http:\/\/bertprev.sp.gov.br\/arquivos\/previdencia\/beneficios\/2020\/35-28.pdf\">35 &#8211; 28 de agosto<\/a><\/p>\n<p><a href=\"http:\/\/bertprev.sp.gov.br\/arquivos\/previdencia\/beneficios\/2020\/34-21.pdf\">34 &#8211; 21 de agosto<\/a><\/p>\n<p><a href=\"http:\/\/bertprev.sp.gov.br\/arquivos\/previdencia\/beneficios\/2020\/33-14.pdf\">33 &#8211; 14 de agosto<\/a><\/p>\n<p><a href=\"http:\/\/bertprev.sp.gov.br\/arquivos\/previdencia\/beneficios\/2020\/07-08.pdf\">32 &#8211; 07 de agosto<\/a><\/p>\n<p><a href=\"http:\/\/bertprev.sp.gov.br\/arquivos\/previdencia\/beneficios\/2020\/31-07.pdf\">31 &#8211; 31 de julho<\/a><\/p>\n<p><a href=\"http:\/\/bertprev.sp.gov.br\/arquivos\/previdencia\/beneficios\/2020\/27-07.pdf\">30 &#8211; 27 de julho<\/a><\/p>\n<p><a href=\"http:\/\/bertprev.sp.gov.br\/arquivos\/previdencia\/beneficios\/2020\/17-07.pdf\">29 &#8211; 17 de julho<\/a><\/p>\n<p><a href=\"http:\/\/bertprev.sp.gov.br\/arquivos\/previdencia\/beneficios\/2020\/10-07.pdf\">28 &#8211; 10 de julho<\/a><\/p>\n<p><a href=\"http:\/\/bertprev.sp.gov.br\/arquivos\/previdencia\/beneficios\/2020\/03-07.pdf\">27 &#8211; 02 de julho<\/a><\/p>\n<p><a href=\"http:\/\/bertprev.sp.gov.br\/arquivos\/previdencia\/beneficios\/2020\/26-06.pdf\">26 &#8211; 26 de junho<\/a><\/p>\n<p><a href=\"http:\/\/bertprev.sp.gov.br\/arquivos\/previdencia\/beneficios\/2020\/19-06.pdf\">25 &#8211; 19 de junho<\/a><\/p>\n<p><a href=\"http:\/\/bertprev.sp.gov.br\/arquivos\/previdencia\/beneficios\/2020\/10-06.pdf\">24 &#8211; 10 de junho<\/a><\/p>\n<p><a href=\"http:\/\/bertprev.sp.gov.br\/arquivos\/previdencia\/beneficios\/2020\/05-06.pdf\">23 &#8211; 05 de junho<\/a><\/p>\n<p><a href=\"http:\/\/bertprev.sp.gov.br\/arquivos\/previdencia\/beneficios\/2020\/29-05.pdf\">22 &#8211; 29 de maio<\/a><\/p>\n<p><a href=\"http:\/\/bertprev.sp.gov.br\/arquivos\/previdencia\/beneficios\/2020\/22-05.pdf\">21 &#8211; 22 de maio<\/a><\/p>\n<p><a href=\"http:\/\/bertprev.sp.gov.br\/arquivos\/previdencia\/beneficios\/2020\/15-05.pdf\">20 &#8211; 15 de maio<\/a><\/p>\n<p><a href=\"http:\/\/bertprev.sp.gov.br\/arquivos\/previdencia\/beneficios\/2020\/08-05.pdf\">19 &#8211; 08 de maio<\/a><\/p>\n<p><a href=\"http:\/\/bertprev.sp.gov.br\/arquivos\/previdencia\/beneficios\/2020\/30-04.pdf\">18 &#8211; 30 de abril<\/a><\/p>\n<p><a href=\"http:\/\/bertprev.sp.gov.br\/arquivos\/previdencia\/beneficios\/2020\/24-04.pdf\">17 &#8211; 24 de abril<\/a><\/p>\n<p><a href=\"http:\/\/bertprev.sp.gov.br\/arquivos\/previdencia\/beneficios\/2020\/17-04.pdf\">16 &#8211; 17 de abril<\/a><\/p>\n<p><a href=\"http:\/\/bertprev.sp.gov.br\/arquivos\/previdencia\/beneficios\/2020\/10-04.pdf\">15 &#8211; 10 de abril<\/a><\/p>\n<p><a href=\"http:\/\/bertprev.sp.gov.br\/arquivos\/previdencia\/beneficios\/2020\/03-04.pdf\">14 &#8211; 03 de abril<\/a><\/p>\n<p><a href=\"http:\/\/bertprev.sp.gov.br\/arquivos\/previdencia\/beneficios\/2020\/27-03.pdf\">13 &#8211; 27 de mar\u00e7o<\/a><\/p>\n<p><a href=\"http:\/\/bertprev.sp.gov.br\/arquivos\/previdencia\/beneficios\/2020\/20-03.pdf\">12 &#8211; 20 de mar\u00e7o<\/a><\/p>\n<p><a href=\"http:\/\/bertprev.sp.gov.br\/arquivos\/previdencia\/beneficios\/2020\/13-03.pdf\">11 &#8211; 13 de mar\u00e7o<\/a><\/p>\n<p><a href=\"http:\/\/bertprev.sp.gov.br\/arquivos\/previdencia\/beneficios\/2020\/06-03.pdf\">10 &#8211; 06 de mar\u00e7o<\/a><\/p>\n<p><a href=\"http:\/\/bertprev.sp.gov.br\/arquivos\/previdencia\/beneficios\/2020\/28-02.pdf\">09 &#8211; 28 de fevereiro<\/a><\/p>\n<p><a href=\"http:\/\/bertprev.sp.gov.br\/arquivos\/previdencia\/beneficios\/2020\/21-02.pdf\">08 &#8211; 21 de fevereiro<\/a><\/p>\n<p><a href=\"http:\/\/bertprev.sp.gov.br\/arquivos\/previdencia\/beneficios\/2020\/14-02.pdf\">07 &#8211; 14 de fevereiro<\/a><\/p>\n<p><a href=\"http:\/\/bertprev.sp.gov.br\/arquivos\/previdencia\/beneficios\/2020\/07-02.pdf\">06 &#8211; 07 de fevereiro<\/a><\/p>\n<p><a href=\"http:\/\/bertprev.sp.gov.br\/arquivos\/previdencia\/beneficios\/2020\/31-01.pdf\">05 &#8211; 31 de janeiro<\/a><\/p>\n<p><a href=\"http:\/\/bertprev.sp.gov.br\/arquivos\/previdencia\/beneficios\/2020\/24-01.pdf\">04 &#8211; 24 de janeiro<\/a><\/p>\n<p><a href=\"http:\/\/bertprev.sp.gov.br\/arquivos\/previdencia\/beneficios\/2020\/17-01.pdf\">03 &#8211; 17 de janeiro<\/a><\/p>\n<p><a href=\"http:\/\/bertprev.sp.gov.br\/arquivos\/previdencia\/beneficios\/2020\/010-01.pdf\">02 &#8211; 10 de janeiro<\/a><\/p>\n<p><a href=\"http:\/\/bertprev.sp.gov.br\/arquivos\/previdencia\/beneficios\/2020\/03-01.pdf\">01 &#8211; 03 de janeiro<\/a><\/p>\n","protected":false},"excerpt":{"rendered":"<p>53 &#8211; 25 de dezembro 52 &#8211; 25 de dezembro 51 &#8211; 18 de dezembro 50 &#8211; 11 de dezembro 49 &#8211; 04 de dezembro 48 &#8211; 27 de novembro&hellip;<\/p>\n","protected":false},"author":2,"featured_media":0,"comment_status":"open","ping_status":"open","sticky":false,"template":"","format":"standard","meta":{"footnotes":""},"categories":[45],"tags":[],"class_list":["post-734","post","type-post","status-publish","format-standard","hentry","category-auxilio-doenca-e-salario-maternidade"],"_links":{"self":[{"href":"https:\/\/www.bertprev.sp.gov.br\/index.php\/wp-json\/wp\/v2\/posts\/734","targetHints":{"allow":["GET"]}}],"collection":[{"href":"https:\/\/www.bertprev.sp.gov.br\/index.php\/wp-json\/wp\/v2\/posts"}],"about":[{"href":"https:\/\/www.bertprev.sp.gov.br\/index.php\/wp-json\/wp\/v2\/types\/post"}],"author":[{"embeddable":true,"href":"https:\/\/www.bertprev.sp.gov.br\/index.php\/wp-json\/wp\/v2\/users\/2"}],"replies":[{"embeddable":true,"href":"https:\/\/www.bertprev.sp.gov.br\/index.php\/wp-json\/wp\/v2\/comments?post=734"}],"version-history":[{"count":31,"href":"https:\/\/www.bertprev.sp.gov.br\/index.php\/wp-json\/wp\/v2\/posts\/734\/revisions"}],"predecessor-version":[{"id":1906,"href":"https:\/\/www.bertprev.sp.gov.br\/index.php\/wp-json\/wp\/v2\/posts\/734\/revisions\/1906"}],"wp:attachment":[{"href":"https:\/\/www.bertprev.sp.gov.br\/index.php\/wp-json\/wp\/v2\/media?parent=734"}],"wp:term":[{"taxonomy":"category","embeddable":true,"href":"https:\/\/www.bertprev.sp.gov.br\/index.php\/wp-json\/wp\/v2\/categories?post=734"},{"taxonomy":"post_tag","embeddable":true,"href":"https:\/\/www.bertprev.sp.gov.br\/index.php\/wp-json\/wp\/v2\/tags?post=734"}],"curies":[{"name":"wp","href":"https:\/\/api.w.org\/{rel}","templated":true}]}}