{"id":760,"date":"2020-07-21T16:49:17","date_gmt":"2020-07-21T16:49:17","guid":{"rendered":"http:\/\/161.35.235.253\/?p=760"},"modified":"2022-02-25T10:44:44","modified_gmt":"2022-02-25T13:44:44","slug":"2016-2","status":"publish","type":"post","link":"https:\/\/www.bertprev.sp.gov.br\/index.php\/2020\/07\/21\/2016-2\/","title":{"rendered":"2016"},"content":{"rendered":"<p><strong>Aux\u00edlios Doen\u00e7as<\/strong><\/p>\n<p><strong>Mensal<\/strong><\/p>\n<p><a href=\"http:\/\/bertprev.sp.gov.br\/arquivos\/previdencia\/estatisticas\/2016\/auxdoenca\/aux-doenca-dezembro.pdf\">Dezembro<\/a><\/p>\n<p><a href=\"http:\/\/bertprev.sp.gov.br\/arquivos\/previdencia\/estatisticas\/2016\/auxdoenca\/aux-doenca-novembro.pdf\">Novembro<\/a><\/p>\n<p><a href=\"http:\/\/bertprev.sp.gov.br\/arquivos\/previdencia\/estatisticas\/2016\/auxdoenca\/aux-doenca-outubro.pdf\">Outubro<\/a><\/p>\n<p><a href=\"http:\/\/bertprev.sp.gov.br\/arquivos\/previdencia\/estatisticas\/2016\/auxdoenca\/aux-doenca-setembro.pdf\">Setembro<\/a><\/p>\n<p><a href=\"http:\/\/bertprev.sp.gov.br\/arquivos\/previdencia\/estatisticas\/2016\/auxdoenca\/aux-doenca-agosto.pdf\">Agosto<\/a><\/p>\n<p><a href=\"http:\/\/bertprev.sp.gov.br\/arquivos\/previdencia\/estatisticas\/2016\/auxdoenca\/aux-doenca-julho.pdf\">Julho<\/a><\/p>\n<p><a href=\"http:\/\/bertprev.sp.gov.br\/arquivos\/previdencia\/estatisticas\/2016\/auxdoenca\/aux-doenca-junho.pdf\">Junho<\/a><\/p>\n<p><a href=\"http:\/\/bertprev.sp.gov.br\/arquivos\/previdencia\/estatisticas\/2016\/auxdoenca\/aux-doenca-maio.pdf\">Maio<\/a><\/p>\n<p><a href=\"http:\/\/bertprev.sp.gov.br\/arquivos\/previdencia\/estatisticas\/2016\/auxdoenca\/aux-doenca-abril.pdf\">Abril<\/a><\/p>\n<p><a href=\"http:\/\/bertprev.sp.gov.br\/arquivos\/previdencia\/estatisticas\/2016\/auxdoenca\/aux-doenca-marco.pdf\">Mar\u00e7o<\/a><\/p>\n<p><a href=\"http:\/\/bertprev.sp.gov.br\/arquivos\/previdencia\/estatisticas\/2016\/auxdoenca\/aux-doenca-fevereiro.pdf\">Fevereiro<\/a><\/p>\n<p><a href=\"http:\/\/bertprev.sp.gov.br\/arquivos\/previdencia\/estatisticas\/2016\/auxdoenca\/aux-doenca-janeiro.pdf\">Janeiro<\/a><\/p>\n<p><strong>Total por atendimento<\/strong><\/p>\n<p><a href=\"http:\/\/bertprev.sp.gov.br\/arquivos\/previdencia\/estatisticas\/2016\/total\/atendimentos-total.pdf\">Total<\/a><\/p>\n<p>&nbsp;<\/p>\n<p><strong>Aposentadorias<\/strong><\/p>\n<p><strong>Mensal<\/strong><\/p>\n<p><a href=\"http:\/\/bertprev.sp.gov.br\/arquivos\/previdencia\/estatisticas\/2016\/aposentadorias\/aposentadoria-dez-2016.pdf\">Dezembro<\/a><\/p>\n<p><a href=\"http:\/\/bertprev.sp.gov.br\/arquivos\/previdencia\/estatisticas\/2016\/aposentadorias\/aposentadoria-nov-2016.pdf\">Novembro<\/a><\/p>\n<p><a href=\"http:\/\/bertprev.sp.gov.br\/arquivos\/previdencia\/estatisticas\/2016\/aposentadorias\/Aposentadoria-out-2016.pdf\">Outubro<\/a><\/p>\n<p><a href=\"http:\/\/bertprev.sp.gov.br\/arquivos\/previdencia\/estatisticas\/2016\/aposentadorias\/aposentadoria-set-2016.pdf\">Setembro<\/a><\/p>\n<p><a href=\"http:\/\/bertprev.sp.gov.br\/arquivos\/previdencia\/estatisticas\/2016\/aposentadorias\/aposentadoria-ago-2016.pdf\">Agosto<\/a><\/p>\n<p><a href=\"http:\/\/bertprev.sp.gov.br\/arquivos\/previdencia\/estatisticas\/2016\/aposentadorias\/aposentadoria-jul-2016.pdf\">Julho<\/a><\/p>\n<p><a href=\"http:\/\/bertprev.sp.gov.br\/arquivos\/previdencia\/estatisticas\/2016\/aposentadorias\/aposentadoria-jun-2016.pdf\">Junho<\/a><\/p>\n<p><a href=\"http:\/\/bertprev.sp.gov.br\/arquivos\/previdencia\/estatisticas\/2016\/aposentadorias\/aposentadoria-mai-2016.pdf\">Maio<\/a><\/p>\n<p><a href=\"http:\/\/bertprev.sp.gov.br\/arquivos\/previdencia\/estatisticas\/2016\/aposentadorias\/aposentadoria-abr-2016.pdf\">Abril<\/a><\/p>\n<p><a href=\"http:\/\/bertprev.sp.gov.br\/arquivos\/previdencia\/estatisticas\/2016\/aposentadorias\/aposentadoria-mar-2016.pdf\">Mar\u00e7o<\/a><\/p>\n<p><a href=\"http:\/\/bertprev.sp.gov.br\/arquivos\/previdencia\/estatisticas\/2016\/aposentadorias\/aposentadoria-fev-2016.pdf\">Fevereiro<\/a><\/p>\n<p><a href=\"http:\/\/bertprev.sp.gov.br\/arquivos\/previdencia\/estatisticas\/2016\/total\/aposentados-total.pdf\">Total<\/a><\/p>\n<p>&nbsp;<\/p>\n<p><strong>Pens\u00f5es<\/strong><\/p>\n<p><a href=\"http:\/\/bertprev.sp.gov.br\/arquivos\/previdencia\/estatisticas\/2016\/pensoes\/pensoes-jun.pdf\">Junho<\/a><\/p>\n<p><a href=\"http:\/\/bertprev.sp.gov.br\/arquivos\/previdencia\/estatisticas\/2016\/total\/pensao-total.pdf\">Total<\/a><\/p>\n<p>&nbsp;<\/p>\n<p><strong>Pagamentos\u00a0previdenci\u00e1rios<\/strong><\/p>\n<p><a href=\"http:\/\/bertprev.sp.gov.br\/arquivos\/previdencia\/estatisticas\/2016\/total\/total-pagamento-previdenciario.pdf\">Total<\/a><\/p>\n<p>&nbsp;<\/p>\n<p><strong>Quadro evolutivo<\/strong><\/p>\n<p><a href=\"http:\/\/bertprev.sp.gov.br\/arquivos\/previdencia\/estatisticas\/2016\/quadroevolutivo\/aposentadorias.pdf\">Aposentadorias<br \/>\n<\/a><\/p>\n<p><a href=\"http:\/\/bertprev.sp.gov.br\/arquivos\/previdencia\/estatisticas\/2016\/quadroevolutivo\/evolucao-tipo-dependente.pdf\">Evolu\u00e7\u00e3o de inclus\u00e3o\/exclus\u00e3o por tipo de dependentes<\/a><\/p>\n<p><a href=\"http:\/\/bertprev.sp.gov.br\/arquivos\/previdencia\/estatisticas\/2016\/quadroevolutivo\/evolucao-nascimento-maioridade.pdf\">Evolu\u00e7\u00e3o de inclus\u00e3o por nascimento e exclus\u00e3o por maioridade dos dependentes<\/a><\/p>\n<p>&nbsp;<\/p>\n<p><strong>Quadro geral de pessoas<\/strong><\/p>\n<p><a href=\"http:\/\/bertprev.sp.gov.br\/arquivos\/previdencia\/estatisticas\/2016\/quadropessoas\/dezembro.pdf\">Dezembro<\/a><\/p>\n<p><strong><br \/>\nG\u00eanero<\/strong><\/p>\n<p><a href=\"http:\/\/bertprev.sp.gov.br\/arquivos\/previdencia\/estatisticas\/2016\/genero\/aposentados.pdf\">aposentados<\/a><\/p>\n<p>&nbsp;<\/p>\n<p><strong>Pir\u00e2mide et\u00e1ria<br \/>\n<\/strong><\/p>\n<p><a href=\"http:\/\/bertprev.sp.gov.br\/arquivos\/previdencia\/estatisticas\/2016\/piramedeetaria\/aposentados.pdf\">aposentados<\/a><\/p>\n","protected":false},"excerpt":{"rendered":"<p>Aux\u00edlios Doen\u00e7as Mensal Dezembro Novembro Outubro Setembro Agosto Julho Junho Maio Abril Mar\u00e7o Fevereiro Janeiro Total por atendimento Total &nbsp; Aposentadorias Mensal Dezembro Novembro Outubro Setembro Agosto Julho Junho Maio&hellip;<\/p>\n","protected":false},"author":2,"featured_media":0,"comment_status":"open","ping_status":"open","sticky":false,"template":"","format":"standard","meta":{"footnotes":""},"categories":[53],"tags":[],"class_list":["post-760","post","type-post","status-publish","format-standard","hentry","category-estatisticas-de-atendimento"],"_links":{"self":[{"href":"https:\/\/www.bertprev.sp.gov.br\/index.php\/wp-json\/wp\/v2\/posts\/760","targetHints":{"allow":["GET"]}}],"collection":[{"href":"https:\/\/www.bertprev.sp.gov.br\/index.php\/wp-json\/wp\/v2\/posts"}],"about":[{"href":"https:\/\/www.bertprev.sp.gov.br\/index.php\/wp-json\/wp\/v2\/types\/post"}],"author":[{"embeddable":true,"href":"https:\/\/www.bertprev.sp.gov.br\/index.php\/wp-json\/wp\/v2\/users\/2"}],"replies":[{"embeddable":true,"href":"https:\/\/www.bertprev.sp.gov.br\/index.php\/wp-json\/wp\/v2\/comments?post=760"}],"version-history":[{"count":1,"href":"https:\/\/www.bertprev.sp.gov.br\/index.php\/wp-json\/wp\/v2\/posts\/760\/revisions"}],"predecessor-version":[{"id":761,"href":"https:\/\/www.bertprev.sp.gov.br\/index.php\/wp-json\/wp\/v2\/posts\/760\/revisions\/761"}],"wp:attachment":[{"href":"https:\/\/www.bertprev.sp.gov.br\/index.php\/wp-json\/wp\/v2\/media?parent=760"}],"wp:term":[{"taxonomy":"category","embeddable":true,"href":"https:\/\/www.bertprev.sp.gov.br\/index.php\/wp-json\/wp\/v2\/categories?post=760"},{"taxonomy":"post_tag","embeddable":true,"href":"https:\/\/www.bertprev.sp.gov.br\/index.php\/wp-json\/wp\/v2\/tags?post=760"}],"curies":[{"name":"wp","href":"https:\/\/api.w.org\/{rel}","templated":true}]}}