{"id":808,"date":"2020-07-23T11:32:25","date_gmt":"2020-07-23T14:32:25","guid":{"rendered":"http:\/\/161.35.235.253\/?p=808"},"modified":"2020-12-22T13:41:03","modified_gmt":"2020-12-22T16:41:03","slug":"atas-2020-2","status":"publish","type":"post","link":"https:\/\/www.bertprev.sp.gov.br\/index.php\/2020\/07\/23\/atas-2020-2\/","title":{"rendered":"Atas 2020"},"content":{"rendered":"<p><a href=\"http:\/\/www.bertprev.sp.gov.br\/arquivos\/conselho\/fiscal\/2020\/12-ata-CF-18-12-2020.pdf\">12 &#8211; 18 de dezembro &#8211; ordin\u00e1ria<\/a><\/p>\n<p><a href=\"http:\/\/www.bertprev.sp.gov.br\/arquivos\/conselho\/fiscal\/2020\/12-edital-convocacao.pdf\">17 de dezembro &#8211; Convoca\u00e7\u00e3o 12\u00aa reuni\u00e3o ordin\u00e1ria<\/a><\/p>\n<p><a href=\"http:\/\/www.bertprev.sp.gov.br\/arquivos\/conselho\/fiscal\/2020\/11-ata-CF-18-11-2020.pdf\">11 &#8211; 18 de novembro &#8211; ordin\u00e1ria<\/a><\/p>\n<p><a href=\"http:\/\/www.bertprev.sp.gov.br\/arquivos\/conselho\/fiscal\/2020\/11-edital-convocacao.pdf\">18 de novembro &#8211; Convoca\u00e7\u00e3o 11\u00aa reuni\u00e3o ordin\u00e1ria<\/a><\/p>\n<p><a href=\"http:\/\/www.bertprev.sp.gov.br\/arquivos\/conselho\/fiscal\/2020\/10-ata-CF-16-10-2020.pdf\">10 &#8211; 16 de outubro &#8211; ordin\u00e1ria<\/a><\/p>\n<p><a href=\"http:\/\/www.bertprev.sp.gov.br\/arquivos\/conselho\/fiscal\/2020\/10-edital-convocacao.pdf\">16 de outubro &#8211; Convoca\u00e7\u00e3o 10\u00aa reuni\u00e3o ordin\u00e1ria<\/a><\/p>\n<p><a href=\"http:\/\/www.bertprev.sp.gov.br\/arquivos\/conselho\/fiscal\/2020\/09-ata-CF-18-09-2020.pdf\">09 &#8211; 18 de setembro &#8211; ordin\u00e1ria<\/a><\/p>\n<p><a href=\"http:\/\/www.bertprev.sp.gov.br\/arquivos\/conselho\/fiscal\/2020\/09-edital-convocacao.pdf\">18 de setembro &#8211; Convoca\u00e7\u00e3o 9\u00aa reuni\u00e3o ordin\u00e1ria<\/a><\/p>\n<p><a href=\"http:\/\/www.bertprev.sp.gov.br\/arquivos\/conselho\/fiscal\/2020\/08-ata-CF-21-08-2020.pdf\">08 &#8211; 21 de agosto &#8211; ordin\u00e1ria<\/a><\/p>\n<p><a href=\"http:\/\/www.bertprev.sp.gov.br\/arquivos\/conselho\/fiscal\/2020\/08-edital-convocacao.pdf\">21 de agosto &#8211; Convoca\u00e7\u00e3o 8\u00aa reuni\u00e3o ordin\u00e1ria<\/a><\/p>\n<p><a href=\"http:\/\/www.bertprev.sp.gov.br\/arquivos\/conselho\/fiscal\/2020\/07-ata-fiscal-15-07-2020.pdf\">07\u00a0&#8211; 15 de julho &#8211; ordin\u00e1ria<\/a><\/p>\n<p><a href=\"http:\/\/www.bertprev.sp.gov.br\/arquivos\/conselho\/fiscal\/2020\/06-ata-fiscal-17-06-2020.pdf\">06\u00a0&#8211; 17 de junho &#8211; ordin\u00e1ria<\/a><\/p>\n<p><a href=\"http:\/\/www.bertprev.sp.gov.br\/arquivos\/conselho\/fiscal\/2020\/convocacao07.pdf\">15 de julho &#8211; Convoca\u00e7\u00e3o 7\u00aa reuni\u00e3o ordin\u00e1ria<\/a><\/p>\n<p><a href=\"http:\/\/www.bertprev.sp.gov.br\/arquivos\/conselho\/fiscal\/2020\/convocacao06.pdf\">17 de junho &#8211; Convoca\u00e7\u00e3o 6\u00aa reuni\u00e3o ordin\u00e1ria<\/a><\/p>\n<p><a href=\"http:\/\/www.bertprev.sp.gov.br\/arquivos\/conselho\/fiscal\/2020\/05-ata-fiscal-20-05-2020.pdf\">05\u00a0&#8211; 20 de maio &#8211; ordin\u00e1ria<\/a><\/p>\n<p><a href=\"http:\/\/www.bertprev.sp.gov.br\/arquivos\/conselho\/fiscal\/2020\/convocacao05.pdf\">12 de maio &#8211; Convoca\u00e7\u00e3o 5\u00aa reuni\u00e3o ordin\u00e1ria<\/a><\/p>\n<p><a href=\"http:\/\/www.bertprev.sp.gov.br\/arquivos\/conselho\/fiscal\/2020\/04-ata-fiscal-15-04-2020.pdf\">04\u00a0&#8211; 15 de abril &#8211; ordin\u00e1ria<\/a><\/p>\n<p><a href=\"http:\/\/www.bertprev.sp.gov.br\/arquivos\/conselho\/fiscal\/2020\/03-ata-fiscal-15-04-2020.pdf\">03\u00a0&#8211; 15 de abril &#8211; ordin\u00e1ria<\/a><\/p>\n<p><a href=\"http:\/\/www.bertprev.sp.gov.br\/arquivos\/conselho\/fiscal\/ata-fiscal-19-02-2020.pdf\">02\u00a0&#8211; 19 de fevereiro &#8211; ordin\u00e1ria<\/a><\/p>\n<p><a href=\"http:\/\/www.bertprev.sp.gov.br\/arquivos\/conselho\/fiscal\/ata-fiscal-15-01-2020.pdf\">01 &#8211; 15 de janeiro &#8211; ordin\u00e1ria<\/a><\/p>\n","protected":false},"excerpt":{"rendered":"<p>12 &#8211; 18 de dezembro &#8211; ordin\u00e1ria 17 de dezembro &#8211; Convoca\u00e7\u00e3o 12\u00aa reuni\u00e3o ordin\u00e1ria 11 &#8211; 18 de novembro &#8211; ordin\u00e1ria 18 de novembro &#8211; Convoca\u00e7\u00e3o 11\u00aa reuni\u00e3o ordin\u00e1ria&hellip;<\/p>\n","protected":false},"author":2,"featured_media":0,"comment_status":"open","ping_status":"open","sticky":false,"template":"","format":"standard","meta":{"footnotes":""},"categories":[96],"tags":[],"class_list":["post-808","post","type-post","status-publish","format-standard","hentry","category-atas-conselho-fiscal"],"_links":{"self":[{"href":"https:\/\/www.bertprev.sp.gov.br\/index.php\/wp-json\/wp\/v2\/posts\/808","targetHints":{"allow":["GET"]}}],"collection":[{"href":"https:\/\/www.bertprev.sp.gov.br\/index.php\/wp-json\/wp\/v2\/posts"}],"about":[{"href":"https:\/\/www.bertprev.sp.gov.br\/index.php\/wp-json\/wp\/v2\/types\/post"}],"author":[{"embeddable":true,"href":"https:\/\/www.bertprev.sp.gov.br\/index.php\/wp-json\/wp\/v2\/users\/2"}],"replies":[{"embeddable":true,"href":"https:\/\/www.bertprev.sp.gov.br\/index.php\/wp-json\/wp\/v2\/comments?post=808"}],"version-history":[{"count":25,"href":"https:\/\/www.bertprev.sp.gov.br\/index.php\/wp-json\/wp\/v2\/posts\/808\/revisions"}],"predecessor-version":[{"id":1812,"href":"https:\/\/www.bertprev.sp.gov.br\/index.php\/wp-json\/wp\/v2\/posts\/808\/revisions\/1812"}],"wp:attachment":[{"href":"https:\/\/www.bertprev.sp.gov.br\/index.php\/wp-json\/wp\/v2\/media?parent=808"}],"wp:term":[{"taxonomy":"category","embeddable":true,"href":"https:\/\/www.bertprev.sp.gov.br\/index.php\/wp-json\/wp\/v2\/categories?post=808"},{"taxonomy":"post_tag","embeddable":true,"href":"https:\/\/www.bertprev.sp.gov.br\/index.php\/wp-json\/wp\/v2\/tags?post=808"}],"curies":[{"name":"wp","href":"https:\/\/api.w.org\/{rel}","templated":true}]}}